{"id":13409,"date":"2021-03-18T09:18:37","date_gmt":"2021-03-18T08:18:37","guid":{"rendered":"https:\/\/www.arabakomendialdea.eus\/?p=13409"},"modified":"2021-03-18T09:22:25","modified_gmt":"2021-03-18T08:22:25","slug":"mendialdea-radio-uno-de-los-tuyos-2","status":"publish","type":"post","link":"https:\/\/www.arabakomendialdea.eus\/eu\/mendialdea-radio-uno-de-los-tuyos-2\/","title":{"rendered":"Mendialdea Radio \/ Uno de los tuyos"},"content":{"rendered":"<p><img loading=\"lazy\" decoding=\"async\" class=\"wp-image-12698 aligncenter\" src=\"https:\/\/www.arabakomendialdea.eus\/wp-content\/uploads\/2021\/02\/A1B5706E4AEE417AB027ADE5512A0A26.png\" alt=\"\" width=\"249\" height=\"130\" srcset=\"https:\/\/www.arabakomendialdea.eus\/wp-content\/uploads\/2021\/02\/A1B5706E4AEE417AB027ADE5512A0A26.png 320w, https:\/\/www.arabakomendialdea.eus\/wp-content\/uploads\/2021\/02\/A1B5706E4AEE417AB027ADE5512A0A26-300x157.png 300w, https:\/\/www.arabakomendialdea.eus\/wp-content\/uploads\/2021\/02\/A1B5706E4AEE417AB027ADE5512A0A26-80x42.png 80w\" sizes=\"auto, (max-width: 249px) 100vw, 249px\" \/><\/p>\n<p style=\"text-align: center\"><strong>?\u144c\u144eO \u15ea\u15f4 \u14aaO\u1515 T\u144cYO\u1515?<\/strong><\/p>\n<p>Luxusko laukoteak, ?????? ??\u00f1??, ?????? ????\u00e1???? ?? ????????, ????? ?????? eta ?????? ????? ?\u00e9???, kaleko antzerkiaren disekzioa egiten du.<br \/>\n?????????? ?????? ???????ko Naiara eta Mikel, Virginia, Ana ta Miguel\u00f3n-ekin ????????????? ?? iniziatiban, antzerkiak daukan paperaz eta \u2018??????????\u2019-z ariko dira.<\/p>\n<p>?\u00a0<a href=\"http:\/\/ivoox.com\/rf\/66851285\" target=\"_blank\" rel=\"noopener\">IVOOX<\/a><\/p>\n<p>?\u00a0<a href=\"http:\/\/cutt.ly\/nzNy2P4\" target=\"_blank\" rel=\"noopener\">SPOTIFY<\/a><\/p>\n","protected":false},"excerpt":{"rendered":"<p>?\u144c\u144eO \u15ea\u15f4 \u14aaO\u1515 T\u144cYO\u1515? Luxusko laukoteak, ?????? ??\u00f1??, ?????? ????\u00e1???? ?? ????????, ????? ?????? eta ?????? ????? ?\u00e9???, kaleko antzerkiaren disekzioa egiten du. ?????????? ?????? ???????ko Naiara eta Mikel, Virginia, Ana ta Miguel\u00f3n-ekin ????????????? ?? iniziatiban, antzerkiak daukan paperaz eta \u2018??????????\u2019-z ariko dira. ?\u00a0IVOOX ?\u00a0SPOTIFY<\/p>\n","protected":false},"author":9,"featured_media":12698,"comment_status":"closed","ping_status":"closed","sticky":false,"template":"","format":"standard","meta":{"footnotes":""},"categories":[166,53],"tags":[],"class_list":["post-13409","post","type-post","status-publish","format-standard","has-post-thumbnail","hentry","category-extra-elkartxoko-eu","category-uncategorized-eu"],"yoast_head":"<!-- This site is optimized with the Yoast SEO plugin v26.5 - https:\/\/yoast.com\/wordpress\/plugins\/seo\/ -->\n<title>Mendialdea Radio \/ Uno de los tuyos - Arabako Mendialdeko Kuadrilla - Cuadrilla Monta\u00f1a Alavesa<\/title>\n<meta name=\"robots\" content=\"index, follow, max-snippet:-1, max-image-preview:large, max-video-preview:-1\" \/>\n<link rel=\"canonical\" href=\"https:\/\/www.arabakomendialdea.eus\/eu\/mendialdea-radio-uno-de-los-tuyos-2\/\" \/>\n<meta property=\"og:locale\" content=\"eu_ES\" \/>\n<meta property=\"og:type\" content=\"article\" \/>\n<meta property=\"og:title\" content=\"Mendialdea Radio \/ Uno de los tuyos - Arabako Mendialdeko Kuadrilla - Cuadrilla Monta\u00f1a Alavesa\" \/>\n<meta property=\"og:description\" content=\"?\u144c\u144eO \u15ea\u15f4 \u14aaO\u1515 T\u144cYO\u1515? Luxusko laukoteak, ?????? ??\u00f1??, ?????? ????\u00e1???? ?? ????????, ????? ?????? eta ?????? ????? ?\u00e9???, kaleko antzerkiaren disekzioa egiten du. ?????????? ?????? ???????ko Naiara eta Mikel, Virginia, Ana ta Miguel\u00f3n-ekin ????????????? ?? iniziatiban, antzerkiak daukan paperaz eta \u2018??????????\u2019-z ariko dira. ?\u00a0IVOOX ?\u00a0SPOTIFY\" \/>\n<meta property=\"og:url\" content=\"https:\/\/www.arabakomendialdea.eus\/eu\/mendialdea-radio-uno-de-los-tuyos-2\/\" \/>\n<meta property=\"og:site_name\" content=\"Arabako Mendialdeko Kuadrilla - Cuadrilla Monta\u00f1a Alavesa\" \/>\n<meta property=\"article:published_time\" content=\"2021-03-18T08:18:37+00:00\" \/>\n<meta property=\"article:modified_time\" content=\"2021-03-18T08:22:25+00:00\" \/>\n<meta property=\"og:image\" content=\"https:\/\/www.arabakomendialdea.eus\/wp-content\/uploads\/2021\/02\/A1B5706E4AEE417AB027ADE5512A0A26.png\" \/>\n\t<meta property=\"og:image:width\" content=\"320\" \/>\n\t<meta property=\"og:image:height\" content=\"167\" \/>\n\t<meta property=\"og:image:type\" content=\"image\/png\" \/>\n<meta name=\"author\" content=\"kulturaetakirola\" \/>\n<meta name=\"twitter:card\" content=\"summary_large_image\" \/>\n<meta name=\"twitter:label1\" content=\"Written by\" \/>\n\t<meta name=\"twitter:data1\" content=\"kulturaetakirola\" \/>\n\t<meta name=\"twitter:label2\" content=\"Est. reading time\" \/>\n\t<meta name=\"twitter:data2\" content=\"1 minute\" \/>\n<script type=\"application\/ld+json\" class=\"yoast-schema-graph\">{\"@context\":\"https:\/\/schema.org\",\"@graph\":[{\"@type\":\"WebPage\",\"@id\":\"https:\/\/www.arabakomendialdea.eus\/eu\/mendialdea-radio-uno-de-los-tuyos-2\/\",\"url\":\"https:\/\/www.arabakomendialdea.eus\/eu\/mendialdea-radio-uno-de-los-tuyos-2\/\",\"name\":\"Mendialdea Radio \/ Uno de los tuyos - Arabako Mendialdeko Kuadrilla - Cuadrilla Monta\u00f1a Alavesa\",\"isPartOf\":{\"@id\":\"https:\/\/www.arabakomendialdea.eus\/#website\"},\"primaryImageOfPage\":{\"@id\":\"https:\/\/www.arabakomendialdea.eus\/eu\/mendialdea-radio-uno-de-los-tuyos-2\/#primaryimage\"},\"image\":{\"@id\":\"https:\/\/www.arabakomendialdea.eus\/eu\/mendialdea-radio-uno-de-los-tuyos-2\/#primaryimage\"},\"thumbnailUrl\":\"https:\/\/www.arabakomendialdea.eus\/wp-content\/uploads\/2021\/02\/A1B5706E4AEE417AB027ADE5512A0A26.png\",\"datePublished\":\"2021-03-18T08:18:37+00:00\",\"dateModified\":\"2021-03-18T08:22:25+00:00\",\"author\":{\"@id\":\"https:\/\/www.arabakomendialdea.eus\/#\/schema\/person\/838b661bac5f1a9d2f8a9f41bb32824a\"},\"breadcrumb\":{\"@id\":\"https:\/\/www.arabakomendialdea.eus\/eu\/mendialdea-radio-uno-de-los-tuyos-2\/#breadcrumb\"},\"inLanguage\":\"eu-ES\",\"potentialAction\":[{\"@type\":\"ReadAction\",\"target\":[\"https:\/\/www.arabakomendialdea.eus\/eu\/mendialdea-radio-uno-de-los-tuyos-2\/\"]}]},{\"@type\":\"ImageObject\",\"inLanguage\":\"eu-ES\",\"@id\":\"https:\/\/www.arabakomendialdea.eus\/eu\/mendialdea-radio-uno-de-los-tuyos-2\/#primaryimage\",\"url\":\"https:\/\/www.arabakomendialdea.eus\/wp-content\/uploads\/2021\/02\/A1B5706E4AEE417AB027ADE5512A0A26.png\",\"contentUrl\":\"https:\/\/www.arabakomendialdea.eus\/wp-content\/uploads\/2021\/02\/A1B5706E4AEE417AB027ADE5512A0A26.png\",\"width\":320,\"height\":167},{\"@type\":\"BreadcrumbList\",\"@id\":\"https:\/\/www.arabakomendialdea.eus\/eu\/mendialdea-radio-uno-de-los-tuyos-2\/#breadcrumb\",\"itemListElement\":[{\"@type\":\"ListItem\",\"position\":1,\"name\":\"Portada\",\"item\":\"https:\/\/www.arabakomendialdea.eus\/eu\/\"},{\"@type\":\"ListItem\",\"position\":2,\"name\":\"Mendialdea Radio \/ Uno de los tuyos\"}]},{\"@type\":\"WebSite\",\"@id\":\"https:\/\/www.arabakomendialdea.eus\/#website\",\"url\":\"https:\/\/www.arabakomendialdea.eus\/\",\"name\":\"Arabako Mendialdeko Kuadrilla - Cuadrilla Monta\u00f1a Alavesa\",\"description\":\"\",\"potentialAction\":[{\"@type\":\"SearchAction\",\"target\":{\"@type\":\"EntryPoint\",\"urlTemplate\":\"https:\/\/www.arabakomendialdea.eus\/?s={search_term_string}\"},\"query-input\":{\"@type\":\"PropertyValueSpecification\",\"valueRequired\":true,\"valueName\":\"search_term_string\"}}],\"inLanguage\":\"eu-ES\"},{\"@type\":\"Person\",\"@id\":\"https:\/\/www.arabakomendialdea.eus\/#\/schema\/person\/838b661bac5f1a9d2f8a9f41bb32824a\",\"name\":\"kulturaetakirola\",\"url\":\"https:\/\/www.arabakomendialdea.eus\/eu\/author\/kulturaetakirola\/\"}]}<\/script>\n<!-- \/ Yoast SEO plugin. -->","yoast_head_json":{"title":"Mendialdea Radio \/ Uno de los tuyos - Arabako Mendialdeko Kuadrilla - Cuadrilla Monta\u00f1a Alavesa","robots":{"index":"index","follow":"follow","max-snippet":"max-snippet:-1","max-image-preview":"max-image-preview:large","max-video-preview":"max-video-preview:-1"},"canonical":"https:\/\/www.arabakomendialdea.eus\/eu\/mendialdea-radio-uno-de-los-tuyos-2\/","og_locale":"eu_ES","og_type":"article","og_title":"Mendialdea Radio \/ Uno de los tuyos - Arabako Mendialdeko Kuadrilla - Cuadrilla Monta\u00f1a Alavesa","og_description":"?\u144c\u144eO \u15ea\u15f4 \u14aaO\u1515 T\u144cYO\u1515? Luxusko laukoteak, ?????? ??\u00f1??, ?????? ????\u00e1???? ?? ????????, ????? ?????? eta ?????? ????? ?\u00e9???, kaleko antzerkiaren disekzioa egiten du. ?????????? ?????? ???????ko Naiara eta Mikel, Virginia, Ana ta Miguel\u00f3n-ekin ????????????? ?? iniziatiban, antzerkiak daukan paperaz eta \u2018??????????\u2019-z ariko dira. ?\u00a0IVOOX ?\u00a0SPOTIFY","og_url":"https:\/\/www.arabakomendialdea.eus\/eu\/mendialdea-radio-uno-de-los-tuyos-2\/","og_site_name":"Arabako Mendialdeko Kuadrilla - Cuadrilla Monta\u00f1a Alavesa","article_published_time":"2021-03-18T08:18:37+00:00","article_modified_time":"2021-03-18T08:22:25+00:00","og_image":[{"width":320,"height":167,"url":"https:\/\/www.arabakomendialdea.eus\/wp-content\/uploads\/2021\/02\/A1B5706E4AEE417AB027ADE5512A0A26.png","type":"image\/png"}],"author":"kulturaetakirola","twitter_card":"summary_large_image","twitter_misc":{"Written by":"kulturaetakirola","Est. reading time":"1 minute"},"schema":{"@context":"https:\/\/schema.org","@graph":[{"@type":"WebPage","@id":"https:\/\/www.arabakomendialdea.eus\/eu\/mendialdea-radio-uno-de-los-tuyos-2\/","url":"https:\/\/www.arabakomendialdea.eus\/eu\/mendialdea-radio-uno-de-los-tuyos-2\/","name":"Mendialdea Radio \/ Uno de los tuyos - Arabako Mendialdeko Kuadrilla - Cuadrilla Monta\u00f1a Alavesa","isPartOf":{"@id":"https:\/\/www.arabakomendialdea.eus\/#website"},"primaryImageOfPage":{"@id":"https:\/\/www.arabakomendialdea.eus\/eu\/mendialdea-radio-uno-de-los-tuyos-2\/#primaryimage"},"image":{"@id":"https:\/\/www.arabakomendialdea.eus\/eu\/mendialdea-radio-uno-de-los-tuyos-2\/#primaryimage"},"thumbnailUrl":"https:\/\/www.arabakomendialdea.eus\/wp-content\/uploads\/2021\/02\/A1B5706E4AEE417AB027ADE5512A0A26.png","datePublished":"2021-03-18T08:18:37+00:00","dateModified":"2021-03-18T08:22:25+00:00","author":{"@id":"https:\/\/www.arabakomendialdea.eus\/#\/schema\/person\/838b661bac5f1a9d2f8a9f41bb32824a"},"breadcrumb":{"@id":"https:\/\/www.arabakomendialdea.eus\/eu\/mendialdea-radio-uno-de-los-tuyos-2\/#breadcrumb"},"inLanguage":"eu-ES","potentialAction":[{"@type":"ReadAction","target":["https:\/\/www.arabakomendialdea.eus\/eu\/mendialdea-radio-uno-de-los-tuyos-2\/"]}]},{"@type":"ImageObject","inLanguage":"eu-ES","@id":"https:\/\/www.arabakomendialdea.eus\/eu\/mendialdea-radio-uno-de-los-tuyos-2\/#primaryimage","url":"https:\/\/www.arabakomendialdea.eus\/wp-content\/uploads\/2021\/02\/A1B5706E4AEE417AB027ADE5512A0A26.png","contentUrl":"https:\/\/www.arabakomendialdea.eus\/wp-content\/uploads\/2021\/02\/A1B5706E4AEE417AB027ADE5512A0A26.png","width":320,"height":167},{"@type":"BreadcrumbList","@id":"https:\/\/www.arabakomendialdea.eus\/eu\/mendialdea-radio-uno-de-los-tuyos-2\/#breadcrumb","itemListElement":[{"@type":"ListItem","position":1,"name":"Portada","item":"https:\/\/www.arabakomendialdea.eus\/eu\/"},{"@type":"ListItem","position":2,"name":"Mendialdea Radio \/ Uno de los tuyos"}]},{"@type":"WebSite","@id":"https:\/\/www.arabakomendialdea.eus\/#website","url":"https:\/\/www.arabakomendialdea.eus\/","name":"Arabako Mendialdeko Kuadrilla - Cuadrilla Monta\u00f1a Alavesa","description":"","potentialAction":[{"@type":"SearchAction","target":{"@type":"EntryPoint","urlTemplate":"https:\/\/www.arabakomendialdea.eus\/?s={search_term_string}"},"query-input":{"@type":"PropertyValueSpecification","valueRequired":true,"valueName":"search_term_string"}}],"inLanguage":"eu-ES"},{"@type":"Person","@id":"https:\/\/www.arabakomendialdea.eus\/#\/schema\/person\/838b661bac5f1a9d2f8a9f41bb32824a","name":"kulturaetakirola","url":"https:\/\/www.arabakomendialdea.eus\/eu\/author\/kulturaetakirola\/"}]}},"_links":{"self":[{"href":"https:\/\/www.arabakomendialdea.eus\/eu\/wp-json\/wp\/v2\/posts\/13409","targetHints":{"allow":["GET"]}}],"collection":[{"href":"https:\/\/www.arabakomendialdea.eus\/eu\/wp-json\/wp\/v2\/posts"}],"about":[{"href":"https:\/\/www.arabakomendialdea.eus\/eu\/wp-json\/wp\/v2\/types\/post"}],"author":[{"embeddable":true,"href":"https:\/\/www.arabakomendialdea.eus\/eu\/wp-json\/wp\/v2\/users\/9"}],"replies":[{"embeddable":true,"href":"https:\/\/www.arabakomendialdea.eus\/eu\/wp-json\/wp\/v2\/comments?post=13409"}],"version-history":[{"count":3,"href":"https:\/\/www.arabakomendialdea.eus\/eu\/wp-json\/wp\/v2\/posts\/13409\/revisions"}],"predecessor-version":[{"id":13416,"href":"https:\/\/www.arabakomendialdea.eus\/eu\/wp-json\/wp\/v2\/posts\/13409\/revisions\/13416"}],"wp:featuredmedia":[{"embeddable":true,"href":"https:\/\/www.arabakomendialdea.eus\/eu\/wp-json\/wp\/v2\/media\/12698"}],"wp:attachment":[{"href":"https:\/\/www.arabakomendialdea.eus\/eu\/wp-json\/wp\/v2\/media?parent=13409"}],"wp:term":[{"taxonomy":"category","embeddable":true,"href":"https:\/\/www.arabakomendialdea.eus\/eu\/wp-json\/wp\/v2\/categories?post=13409"},{"taxonomy":"post_tag","embeddable":true,"href":"https:\/\/www.arabakomendialdea.eus\/eu\/wp-json\/wp\/v2\/tags?post=13409"}],"curies":[{"name":"wp","href":"https:\/\/api.w.org\/{rel}","templated":true}]}}