{"id":17835,"date":"2021-11-22T14:31:03","date_gmt":"2021-11-22T13:31:03","guid":{"rendered":"https:\/\/www.arabakomendialdea.eus\/?p=17835"},"modified":"2021-11-22T14:45:55","modified_gmt":"2021-11-22T13:45:55","slug":"ikusten-duzuna-baino-askoz-gehiago-mucho-mas-de-lo-que-ves","status":"publish","type":"post","link":"https:\/\/www.arabakomendialdea.eus\/eu\/ikusten-duzuna-baino-askoz-gehiago-mucho-mas-de-lo-que-ves\/","title":{"rendered":"Ikusten duzuna baino askoz gehiago \/ Mucho m\u00e1s de lo que ves"},"content":{"rendered":"<p><img loading=\"lazy\" decoding=\"async\" class=\"alignnone size-medium wp-image-17559\" src=\"https:\/\/www.arabakomendialdea.eus\/wp-content\/uploads\/2021\/11\/Cartel4_CAS-300x300.png\" alt=\"\" width=\"300\" height=\"300\" srcset=\"https:\/\/www.arabakomendialdea.eus\/wp-content\/uploads\/2021\/11\/Cartel4_CAS-300x300.png 300w, https:\/\/www.arabakomendialdea.eus\/wp-content\/uploads\/2021\/11\/Cartel4_CAS-1030x1030.png 1030w, https:\/\/www.arabakomendialdea.eus\/wp-content\/uploads\/2021\/11\/Cartel4_CAS-80x80.png 80w, https:\/\/www.arabakomendialdea.eus\/wp-content\/uploads\/2021\/11\/Cartel4_CAS-768x768.png 768w, https:\/\/www.arabakomendialdea.eus\/wp-content\/uploads\/2021\/11\/Cartel4_CAS-1536x1536.png 1536w, https:\/\/www.arabakomendialdea.eus\/wp-content\/uploads\/2021\/11\/Cartel4_CAS-2048x2048.png 2048w, https:\/\/www.arabakomendialdea.eus\/wp-content\/uploads\/2021\/11\/Cartel4_CAS-36x36.png 36w, https:\/\/www.arabakomendialdea.eus\/wp-content\/uploads\/2021\/11\/Cartel4_CAS-180x180.png 180w, https:\/\/www.arabakomendialdea.eus\/wp-content\/uploads\/2021\/11\/Cartel4_CAS-1500x1500.png 1500w, https:\/\/www.arabakomendialdea.eus\/wp-content\/uploads\/2021\/11\/Cartel4_CAS-705x705.png 705w\" sizes=\"auto, (max-width: 300px) 100vw, 300px\" \/> <img loading=\"lazy\" decoding=\"async\" class=\"alignnone size-medium wp-image-17552\" src=\"https:\/\/www.arabakomendialdea.eus\/wp-content\/uploads\/2021\/11\/Cartel3_EUSK-300x300.png\" alt=\"\" width=\"300\" height=\"300\" srcset=\"https:\/\/www.arabakomendialdea.eus\/wp-content\/uploads\/2021\/11\/Cartel3_EUSK-300x300.png 300w, https:\/\/www.arabakomendialdea.eus\/wp-content\/uploads\/2021\/11\/Cartel3_EUSK-1030x1030.png 1030w, https:\/\/www.arabakomendialdea.eus\/wp-content\/uploads\/2021\/11\/Cartel3_EUSK-80x80.png 80w, https:\/\/www.arabakomendialdea.eus\/wp-content\/uploads\/2021\/11\/Cartel3_EUSK-768x768.png 768w, https:\/\/www.arabakomendialdea.eus\/wp-content\/uploads\/2021\/11\/Cartel3_EUSK-1536x1536.png 1536w, https:\/\/www.arabakomendialdea.eus\/wp-content\/uploads\/2021\/11\/Cartel3_EUSK-2048x2048.png 2048w, https:\/\/www.arabakomendialdea.eus\/wp-content\/uploads\/2021\/11\/Cartel3_EUSK-36x36.png 36w, https:\/\/www.arabakomendialdea.eus\/wp-content\/uploads\/2021\/11\/Cartel3_EUSK-180x180.png 180w, https:\/\/www.arabakomendialdea.eus\/wp-content\/uploads\/2021\/11\/Cartel3_EUSK-1500x1500.png 1500w, https:\/\/www.arabakomendialdea.eus\/wp-content\/uploads\/2021\/11\/Cartel3_EUSK-705x705.png 705w\" sizes=\"auto, (max-width: 300px) 100vw, 300px\" \/><\/p>\n<p><strong>Araban Hondakinen Prebentziorako Europako Astea antolatu da, eta \u201cIkusten duzuna baino askoz gehiago\u201d kanpainaren bideo berri bat egin da, herritarrak lurralde zirkular baten eraikuntzan inplikatzeko<\/strong><\/p>\n<p><em>Arabarrak dira ikus-entzunezko horren protagonista, haietako batzuk dibertsitate intelektuala duten pertsonak, zeinak kanpainako monitoreak baitira, eta lan horren bidez hondakinen gaineko ikuspegi tradizionala aldatu nahi da, eta hondakinok baliabide bihurtu, \u201cKomunitate zirkularrak\u201d 2021eko Europako Astearen lemari jarraituz<\/em><\/p>\n<p><a href=\"https:\/\/vimeo.com\/646939015\/3a53291579\" target=\"_blank\" rel=\"noopener\">V\u00eddeo &#8220;Mucho m\u00e1s de lo que ves&#8221;<\/a><\/p>\n<p><strong>\u00c1lava celebra la Semana Europea de Prevenci\u00f3n de Residuos con un nuevo video de la campa\u00f1a \u201cMucho m\u00e1s de lo que ves\u201d para implicar a la ciudadan\u00eda en la construcci\u00f3n de un territorio circular<\/strong><\/p>\n<p><em>El audiovisual, protagonizado por alaveses y alavesas entre los que est\u00e1n varias personas con diversidad intelectual que son monitores de la campa\u00f1a, pretende cambiar la visi\u00f3n tradicional de los residuos transform\u00e1ndolos en recursos, siguiendo el lema de la semana europea en 2021 \u201cComunidades circulares\u201d<\/em><\/p>\n<p><a href=\"https:\/\/vimeo.com\/646939004\/fb2e0e5f69\" target=\"_blank\" rel=\"noopener\">&#8220;Ikusten duzuna baino askoz gehiago&#8221; bideoa<\/a><\/p>\n","protected":false},"excerpt":{"rendered":"<p>Araban Hondakinen Prebentziorako Europako Astea antolatu da, eta \u201cIkusten duzuna baino askoz gehiago\u201d kanpainaren bideo berri bat egin da, herritarrak lurralde zirkular baten eraikuntzan inplikatzeko Arabarrak dira ikus-entzunezko horren protagonista, haietako batzuk dibertsitate intelektuala duten pertsonak, zeinak kanpainako monitoreak baitira, eta lan horren bidez hondakinen gaineko ikuspegi tradizionala aldatu nahi da, eta hondakinok baliabide bihurtu, [&hellip;]<\/p>\n","protected":false},"author":11,"featured_media":17553,"comment_status":"closed","ping_status":"closed","sticky":false,"template":"","format":"standard","meta":{"footnotes":""},"categories":[62],"tags":[],"class_list":["post-17835","post","type-post","status-publish","format-standard","has-post-thumbnail","hentry","category-ingurumena"],"yoast_head":"<!-- This site is optimized with the Yoast SEO plugin v26.5 - https:\/\/yoast.com\/wordpress\/plugins\/seo\/ -->\n<title>Ikusten duzuna baino askoz gehiago \/ Mucho m\u00e1s de lo que ves - Arabako Mendialdeko Kuadrilla - Cuadrilla Monta\u00f1a Alavesa<\/title>\n<meta name=\"robots\" content=\"index, follow, max-snippet:-1, max-image-preview:large, max-video-preview:-1\" \/>\n<link rel=\"canonical\" href=\"https:\/\/www.arabakomendialdea.eus\/eu\/ikusten-duzuna-baino-askoz-gehiago-mucho-mas-de-lo-que-ves\/\" \/>\n<meta property=\"og:locale\" content=\"eu_ES\" \/>\n<meta property=\"og:type\" content=\"article\" \/>\n<meta property=\"og:title\" content=\"Ikusten duzuna baino askoz gehiago \/ Mucho m\u00e1s de lo que ves - Arabako Mendialdeko Kuadrilla - Cuadrilla Monta\u00f1a Alavesa\" \/>\n<meta property=\"og:description\" content=\"Araban Hondakinen Prebentziorako Europako Astea antolatu da, eta \u201cIkusten duzuna baino askoz gehiago\u201d kanpainaren bideo berri bat egin da, herritarrak lurralde zirkular baten eraikuntzan inplikatzeko Arabarrak dira ikus-entzunezko horren protagonista, haietako batzuk dibertsitate intelektuala duten pertsonak, zeinak kanpainako monitoreak baitira, eta lan horren bidez hondakinen gaineko ikuspegi tradizionala aldatu nahi da, eta hondakinok baliabide bihurtu, [&hellip;]\" \/>\n<meta property=\"og:url\" content=\"https:\/\/www.arabakomendialdea.eus\/eu\/ikusten-duzuna-baino-askoz-gehiago-mucho-mas-de-lo-que-ves\/\" \/>\n<meta property=\"og:site_name\" content=\"Arabako Mendialdeko Kuadrilla - Cuadrilla Monta\u00f1a Alavesa\" \/>\n<meta property=\"article:published_time\" content=\"2021-11-22T13:31:03+00:00\" \/>\n<meta property=\"article:modified_time\" content=\"2021-11-22T13:45:55+00:00\" \/>\n<meta property=\"og:image\" content=\"https:\/\/www.arabakomendialdea.eus\/wp-content\/uploads\/2021\/11\/Cartel3_EUSK-1030x1030.png\" \/>\n\t<meta property=\"og:image:width\" content=\"1030\" \/>\n\t<meta property=\"og:image:height\" content=\"1030\" \/>\n\t<meta property=\"og:image:type\" content=\"image\/png\" \/>\n<meta name=\"author\" content=\"ingurumena\" \/>\n<meta name=\"twitter:card\" content=\"summary_large_image\" \/>\n<meta name=\"twitter:label1\" content=\"Written by\" \/>\n\t<meta name=\"twitter:data1\" content=\"ingurumena\" \/>\n\t<meta name=\"twitter:label2\" content=\"Est. reading time\" \/>\n\t<meta name=\"twitter:data2\" content=\"2 minutes\" \/>\n<script type=\"application\/ld+json\" class=\"yoast-schema-graph\">{\"@context\":\"https:\/\/schema.org\",\"@graph\":[{\"@type\":\"WebPage\",\"@id\":\"https:\/\/www.arabakomendialdea.eus\/eu\/ikusten-duzuna-baino-askoz-gehiago-mucho-mas-de-lo-que-ves\/\",\"url\":\"https:\/\/www.arabakomendialdea.eus\/eu\/ikusten-duzuna-baino-askoz-gehiago-mucho-mas-de-lo-que-ves\/\",\"name\":\"Ikusten duzuna baino askoz gehiago \/ Mucho m\u00e1s de lo que ves - Arabako Mendialdeko Kuadrilla - Cuadrilla Monta\u00f1a Alavesa\",\"isPartOf\":{\"@id\":\"https:\/\/www.arabakomendialdea.eus\/#website\"},\"primaryImageOfPage\":{\"@id\":\"https:\/\/www.arabakomendialdea.eus\/eu\/ikusten-duzuna-baino-askoz-gehiago-mucho-mas-de-lo-que-ves\/#primaryimage\"},\"image\":{\"@id\":\"https:\/\/www.arabakomendialdea.eus\/eu\/ikusten-duzuna-baino-askoz-gehiago-mucho-mas-de-lo-que-ves\/#primaryimage\"},\"thumbnailUrl\":\"https:\/\/www.arabakomendialdea.eus\/wp-content\/uploads\/2021\/11\/Cartel3_EUSK.png\",\"datePublished\":\"2021-11-22T13:31:03+00:00\",\"dateModified\":\"2021-11-22T13:45:55+00:00\",\"author\":{\"@id\":\"https:\/\/www.arabakomendialdea.eus\/#\/schema\/person\/7ed9f091ca269adfeb375bceb4e3892c\"},\"breadcrumb\":{\"@id\":\"https:\/\/www.arabakomendialdea.eus\/eu\/ikusten-duzuna-baino-askoz-gehiago-mucho-mas-de-lo-que-ves\/#breadcrumb\"},\"inLanguage\":\"eu-ES\",\"potentialAction\":[{\"@type\":\"ReadAction\",\"target\":[\"https:\/\/www.arabakomendialdea.eus\/eu\/ikusten-duzuna-baino-askoz-gehiago-mucho-mas-de-lo-que-ves\/\"]}]},{\"@type\":\"ImageObject\",\"inLanguage\":\"eu-ES\",\"@id\":\"https:\/\/www.arabakomendialdea.eus\/eu\/ikusten-duzuna-baino-askoz-gehiago-mucho-mas-de-lo-que-ves\/#primaryimage\",\"url\":\"https:\/\/www.arabakomendialdea.eus\/wp-content\/uploads\/2021\/11\/Cartel3_EUSK.png\",\"contentUrl\":\"https:\/\/www.arabakomendialdea.eus\/wp-content\/uploads\/2021\/11\/Cartel3_EUSK.png\",\"width\":2160,\"height\":2160},{\"@type\":\"BreadcrumbList\",\"@id\":\"https:\/\/www.arabakomendialdea.eus\/eu\/ikusten-duzuna-baino-askoz-gehiago-mucho-mas-de-lo-que-ves\/#breadcrumb\",\"itemListElement\":[{\"@type\":\"ListItem\",\"position\":1,\"name\":\"Portada\",\"item\":\"https:\/\/www.arabakomendialdea.eus\/eu\/\"},{\"@type\":\"ListItem\",\"position\":2,\"name\":\"Ikusten duzuna baino askoz gehiago \/ Mucho m\u00e1s de lo que ves\"}]},{\"@type\":\"WebSite\",\"@id\":\"https:\/\/www.arabakomendialdea.eus\/#website\",\"url\":\"https:\/\/www.arabakomendialdea.eus\/\",\"name\":\"Arabako Mendialdeko Kuadrilla - Cuadrilla Monta\u00f1a Alavesa\",\"description\":\"\",\"potentialAction\":[{\"@type\":\"SearchAction\",\"target\":{\"@type\":\"EntryPoint\",\"urlTemplate\":\"https:\/\/www.arabakomendialdea.eus\/?s={search_term_string}\"},\"query-input\":{\"@type\":\"PropertyValueSpecification\",\"valueRequired\":true,\"valueName\":\"search_term_string\"}}],\"inLanguage\":\"eu-ES\"},{\"@type\":\"Person\",\"@id\":\"https:\/\/www.arabakomendialdea.eus\/#\/schema\/person\/7ed9f091ca269adfeb375bceb4e3892c\",\"name\":\"ingurumena\",\"url\":\"https:\/\/www.arabakomendialdea.eus\/eu\/author\/ingurumena\/\"}]}<\/script>\n<!-- \/ Yoast SEO plugin. -->","yoast_head_json":{"title":"Ikusten duzuna baino askoz gehiago \/ Mucho m\u00e1s de lo que ves - Arabako Mendialdeko Kuadrilla - Cuadrilla Monta\u00f1a Alavesa","robots":{"index":"index","follow":"follow","max-snippet":"max-snippet:-1","max-image-preview":"max-image-preview:large","max-video-preview":"max-video-preview:-1"},"canonical":"https:\/\/www.arabakomendialdea.eus\/eu\/ikusten-duzuna-baino-askoz-gehiago-mucho-mas-de-lo-que-ves\/","og_locale":"eu_ES","og_type":"article","og_title":"Ikusten duzuna baino askoz gehiago \/ Mucho m\u00e1s de lo que ves - Arabako Mendialdeko Kuadrilla - Cuadrilla Monta\u00f1a Alavesa","og_description":"Araban Hondakinen Prebentziorako Europako Astea antolatu da, eta \u201cIkusten duzuna baino askoz gehiago\u201d kanpainaren bideo berri bat egin da, herritarrak lurralde zirkular baten eraikuntzan inplikatzeko Arabarrak dira ikus-entzunezko horren protagonista, haietako batzuk dibertsitate intelektuala duten pertsonak, zeinak kanpainako monitoreak baitira, eta lan horren bidez hondakinen gaineko ikuspegi tradizionala aldatu nahi da, eta hondakinok baliabide bihurtu, [&hellip;]","og_url":"https:\/\/www.arabakomendialdea.eus\/eu\/ikusten-duzuna-baino-askoz-gehiago-mucho-mas-de-lo-que-ves\/","og_site_name":"Arabako Mendialdeko Kuadrilla - Cuadrilla Monta\u00f1a Alavesa","article_published_time":"2021-11-22T13:31:03+00:00","article_modified_time":"2021-11-22T13:45:55+00:00","og_image":[{"width":1030,"height":1030,"url":"https:\/\/www.arabakomendialdea.eus\/wp-content\/uploads\/2021\/11\/Cartel3_EUSK-1030x1030.png","type":"image\/png"}],"author":"ingurumena","twitter_card":"summary_large_image","twitter_misc":{"Written by":"ingurumena","Est. reading time":"2 minutes"},"schema":{"@context":"https:\/\/schema.org","@graph":[{"@type":"WebPage","@id":"https:\/\/www.arabakomendialdea.eus\/eu\/ikusten-duzuna-baino-askoz-gehiago-mucho-mas-de-lo-que-ves\/","url":"https:\/\/www.arabakomendialdea.eus\/eu\/ikusten-duzuna-baino-askoz-gehiago-mucho-mas-de-lo-que-ves\/","name":"Ikusten duzuna baino askoz gehiago \/ Mucho m\u00e1s de lo que ves - Arabako Mendialdeko Kuadrilla - Cuadrilla Monta\u00f1a Alavesa","isPartOf":{"@id":"https:\/\/www.arabakomendialdea.eus\/#website"},"primaryImageOfPage":{"@id":"https:\/\/www.arabakomendialdea.eus\/eu\/ikusten-duzuna-baino-askoz-gehiago-mucho-mas-de-lo-que-ves\/#primaryimage"},"image":{"@id":"https:\/\/www.arabakomendialdea.eus\/eu\/ikusten-duzuna-baino-askoz-gehiago-mucho-mas-de-lo-que-ves\/#primaryimage"},"thumbnailUrl":"https:\/\/www.arabakomendialdea.eus\/wp-content\/uploads\/2021\/11\/Cartel3_EUSK.png","datePublished":"2021-11-22T13:31:03+00:00","dateModified":"2021-11-22T13:45:55+00:00","author":{"@id":"https:\/\/www.arabakomendialdea.eus\/#\/schema\/person\/7ed9f091ca269adfeb375bceb4e3892c"},"breadcrumb":{"@id":"https:\/\/www.arabakomendialdea.eus\/eu\/ikusten-duzuna-baino-askoz-gehiago-mucho-mas-de-lo-que-ves\/#breadcrumb"},"inLanguage":"eu-ES","potentialAction":[{"@type":"ReadAction","target":["https:\/\/www.arabakomendialdea.eus\/eu\/ikusten-duzuna-baino-askoz-gehiago-mucho-mas-de-lo-que-ves\/"]}]},{"@type":"ImageObject","inLanguage":"eu-ES","@id":"https:\/\/www.arabakomendialdea.eus\/eu\/ikusten-duzuna-baino-askoz-gehiago-mucho-mas-de-lo-que-ves\/#primaryimage","url":"https:\/\/www.arabakomendialdea.eus\/wp-content\/uploads\/2021\/11\/Cartel3_EUSK.png","contentUrl":"https:\/\/www.arabakomendialdea.eus\/wp-content\/uploads\/2021\/11\/Cartel3_EUSK.png","width":2160,"height":2160},{"@type":"BreadcrumbList","@id":"https:\/\/www.arabakomendialdea.eus\/eu\/ikusten-duzuna-baino-askoz-gehiago-mucho-mas-de-lo-que-ves\/#breadcrumb","itemListElement":[{"@type":"ListItem","position":1,"name":"Portada","item":"https:\/\/www.arabakomendialdea.eus\/eu\/"},{"@type":"ListItem","position":2,"name":"Ikusten duzuna baino askoz gehiago \/ Mucho m\u00e1s de lo que ves"}]},{"@type":"WebSite","@id":"https:\/\/www.arabakomendialdea.eus\/#website","url":"https:\/\/www.arabakomendialdea.eus\/","name":"Arabako Mendialdeko Kuadrilla - Cuadrilla Monta\u00f1a Alavesa","description":"","potentialAction":[{"@type":"SearchAction","target":{"@type":"EntryPoint","urlTemplate":"https:\/\/www.arabakomendialdea.eus\/?s={search_term_string}"},"query-input":{"@type":"PropertyValueSpecification","valueRequired":true,"valueName":"search_term_string"}}],"inLanguage":"eu-ES"},{"@type":"Person","@id":"https:\/\/www.arabakomendialdea.eus\/#\/schema\/person\/7ed9f091ca269adfeb375bceb4e3892c","name":"ingurumena","url":"https:\/\/www.arabakomendialdea.eus\/eu\/author\/ingurumena\/"}]}},"_links":{"self":[{"href":"https:\/\/www.arabakomendialdea.eus\/eu\/wp-json\/wp\/v2\/posts\/17835","targetHints":{"allow":["GET"]}}],"collection":[{"href":"https:\/\/www.arabakomendialdea.eus\/eu\/wp-json\/wp\/v2\/posts"}],"about":[{"href":"https:\/\/www.arabakomendialdea.eus\/eu\/wp-json\/wp\/v2\/types\/post"}],"author":[{"embeddable":true,"href":"https:\/\/www.arabakomendialdea.eus\/eu\/wp-json\/wp\/v2\/users\/11"}],"replies":[{"embeddable":true,"href":"https:\/\/www.arabakomendialdea.eus\/eu\/wp-json\/wp\/v2\/comments?post=17835"}],"version-history":[{"count":3,"href":"https:\/\/www.arabakomendialdea.eus\/eu\/wp-json\/wp\/v2\/posts\/17835\/revisions"}],"predecessor-version":[{"id":17848,"href":"https:\/\/www.arabakomendialdea.eus\/eu\/wp-json\/wp\/v2\/posts\/17835\/revisions\/17848"}],"wp:featuredmedia":[{"embeddable":true,"href":"https:\/\/www.arabakomendialdea.eus\/eu\/wp-json\/wp\/v2\/media\/17553"}],"wp:attachment":[{"href":"https:\/\/www.arabakomendialdea.eus\/eu\/wp-json\/wp\/v2\/media?parent=17835"}],"wp:term":[{"taxonomy":"category","embeddable":true,"href":"https:\/\/www.arabakomendialdea.eus\/eu\/wp-json\/wp\/v2\/categories?post=17835"},{"taxonomy":"post_tag","embeddable":true,"href":"https:\/\/www.arabakomendialdea.eus\/eu\/wp-json\/wp\/v2\/tags?post=17835"}],"curies":[{"name":"wp","href":"https:\/\/api.w.org\/{rel}","templated":true}]}}