{"id":19465,"date":"2022-04-06T13:46:40","date_gmt":"2022-04-06T11:46:40","guid":{"rendered":"https:\/\/www.arabakomendialdea.eus\/?p=19465"},"modified":"2022-05-18T09:57:09","modified_gmt":"2022-05-18T07:57:09","slug":"udal-hondakinen-sentsibilizazio-kanpaina-campana-sensibilizacion-residuos-municipales","status":"publish","type":"post","link":"https:\/\/www.arabakomendialdea.eus\/eu\/udal-hondakinen-sentsibilizazio-kanpaina-campana-sensibilizacion-residuos-municipales\/","title":{"rendered":"Udal-hondakinen sentsibilizazio kanpaina\/Campa\u00f1a sensibilizaci\u00f3n residuos municipales"},"content":{"rendered":"<p><a href=\"https:\/\/www.arabakomendialdea.eus\/wp-content\/uploads\/2022\/04\/CartelCampanaRM2022_CMA-1.pdf\">CartelCampa\u00f1aRM2022_CMA<\/a><\/p>\n<p>Datozen martxoan, apirilean, maiatzean eta ekainean Arabako Mendialdeko Kuadrillak sentsibilizazio-kanpaina bat jarriko du abian, Arabako Mendialdea osatzen duten udalerrietan hiri-hondakin solidoei buruz. Djf\u00f1akdf\u00f1a a\u00f1djkfa\u00f1 a\u00f1kdf<\/p>\n<p>Honako hauek dira sentsibilizazio-kanpainaren helburuak: bilketa bereiziaren tasa orokorra handitzea, lerro desberdinei ez dagozkienak nabarmen murriztea, herritarrei behar bezala informatzea, herritarrek bilketa bereiziei buruz dituzten zalantzak argitzea eta kalean egotea herritarrei zalantzak argitzeko. Fadkd\u00f1afja<\/p>\n<p>Egin beharreko jarduera honako hau izango da: bi astez herri bakoitzeko leku estrategiko batean bi informazio-totem jartzea, hondakin bakoitza edukiontzian behar bezala utzi behar dela gogorarazteko, edukiontzietan utzi behar diren hondakinak erakutsiz. Bi modelo daude: bat edukiontzi horiari buruzkoa da, eta bestea edukiontzi urdinari, berdeari, konpostari, gainerakoei eta HHSak biltzeko eta gordetzeko beste zerbitzu batzuei buruzkoa.<\/p>\n<p>Totemekin batera karpa bat jarriko da bigarren larunbat goizean. Karpa horretan kanpainaren helburuaren berri emango zaie interesdunei, zalantzak argituko dira eta zenbait hondakin berrerabiliz egindako opariak banatuko dira. Ordu eta erdiko iraupena izango dute.<\/p>\n<p>En los pr\u00f3ximos meses de marzo, abril, mayo y junio, la Cuadrilla de Monta\u00f1a Alavesa tiene como objeto la puesta en marcha de una campa\u00f1a de sensibilizaci\u00f3n sobre los Residuos S\u00f3lidos Urbanos en los diferentes municipios que integran la comarca de Monta\u00f1a Alavesa.<\/p>\n<p>Los objetivos de la campa\u00f1a de sensibilizaci\u00f3n son incrementar la tasa general de recogida separada, reducir de manera considerable los impropios de las diferentes l\u00edneas, informar correctamente a la ciudadan\u00eda, aclarar las dudas que tiene la ciudadan\u00eda sobre las recogidas separadas y estar presente en la calle para aclarar las dudas a la ciudadan\u00eda.<\/p>\n<p>La actividad a realizar consistir\u00e1 en la colocaci\u00f3n durante dos semanas en un lugar estrat\u00e9gico de cada localidad de dos \u201ct\u00f3tems\u201d informativos para recordar la necesidad de depositar correctamente cada residuo en su contenedor, mostrando los distintos residuos que han de dejarse en los distintos contenedores. Hay 2 modelos: uno referido espec\u00edficamente al contenedor amarillo y el otro a los contenedores azul, verde, compost, resto y otros servicios de recogida y dep\u00f3sito de RSU.<\/p>\n<p>Junto a los t\u00f3tems se colocar\u00e1 la ma\u00f1ana del segundo s\u00e1bado una carpa donde se informar\u00e1 a las personas interesadas del objetivo de la campa\u00f1a, se resolver\u00e1n dudas y se repartir\u00e1n obsequios realizados reutilizando algunos residuos. Tendr\u00e1n una duraci\u00f3n de hora y media.<\/p>\n","protected":false},"excerpt":{"rendered":"<p>CartelCampa\u00f1aRM2022_CMA Datozen martxoan, apirilean, maiatzean eta ekainean Arabako Mendialdeko Kuadrillak sentsibilizazio-kanpaina bat jarriko du abian, Arabako Mendialdea osatzen duten udalerrietan hiri-hondakin solidoei buruz. Djf\u00f1akdf\u00f1a a\u00f1djkfa\u00f1 a\u00f1kdf Honako hauek dira sentsibilizazio-kanpainaren helburuak: bilketa bereiziaren tasa orokorra handitzea, lerro desberdinei ez dagozkienak nabarmen murriztea, herritarrei behar bezala informatzea, herritarrek bilketa bereiziei buruz dituzten zalantzak argitzea eta kalean [&hellip;]<\/p>\n","protected":false},"author":11,"featured_media":19512,"comment_status":"closed","ping_status":"closed","sticky":false,"template":"","format":"standard","meta":{"footnotes":""},"categories":[62],"tags":[],"class_list":["post-19465","post","type-post","status-publish","format-standard","has-post-thumbnail","hentry","category-ingurumena"],"yoast_head":"<!-- This site is optimized with the Yoast SEO plugin v26.5 - https:\/\/yoast.com\/wordpress\/plugins\/seo\/ -->\n<title>Udal-hondakinen sentsibilizazio kanpaina\/Campa\u00f1a sensibilizaci\u00f3n residuos municipales - Arabako Mendialdeko Kuadrilla - Cuadrilla Monta\u00f1a Alavesa<\/title>\n<meta name=\"robots\" content=\"index, follow, max-snippet:-1, max-image-preview:large, max-video-preview:-1\" \/>\n<link rel=\"canonical\" href=\"https:\/\/www.arabakomendialdea.eus\/eu\/udal-hondakinen-sentsibilizazio-kanpaina-campana-sensibilizacion-residuos-municipales\/\" \/>\n<meta property=\"og:locale\" content=\"eu_ES\" \/>\n<meta property=\"og:type\" content=\"article\" \/>\n<meta property=\"og:title\" content=\"Udal-hondakinen sentsibilizazio kanpaina\/Campa\u00f1a sensibilizaci\u00f3n residuos municipales - Arabako Mendialdeko Kuadrilla - Cuadrilla Monta\u00f1a Alavesa\" \/>\n<meta property=\"og:description\" content=\"CartelCampa\u00f1aRM2022_CMA Datozen martxoan, apirilean, maiatzean eta ekainean Arabako Mendialdeko Kuadrillak sentsibilizazio-kanpaina bat jarriko du abian, Arabako Mendialdea osatzen duten udalerrietan hiri-hondakin solidoei buruz. Djf\u00f1akdf\u00f1a a\u00f1djkfa\u00f1 a\u00f1kdf Honako hauek dira sentsibilizazio-kanpainaren helburuak: bilketa bereiziaren tasa orokorra handitzea, lerro desberdinei ez dagozkienak nabarmen murriztea, herritarrei behar bezala informatzea, herritarrek bilketa bereiziei buruz dituzten zalantzak argitzea eta kalean [&hellip;]\" \/>\n<meta property=\"og:url\" content=\"https:\/\/www.arabakomendialdea.eus\/eu\/udal-hondakinen-sentsibilizazio-kanpaina-campana-sensibilizacion-residuos-municipales\/\" \/>\n<meta property=\"og:site_name\" content=\"Arabako Mendialdeko Kuadrilla - Cuadrilla Monta\u00f1a Alavesa\" \/>\n<meta property=\"article:published_time\" content=\"2022-04-06T11:46:40+00:00\" \/>\n<meta property=\"article:modified_time\" content=\"2022-05-18T07:57:09+00:00\" \/>\n<meta property=\"og:image\" content=\"https:\/\/www.arabakomendialdea.eus\/wp-content\/uploads\/2022\/04\/CartelCampanaRM2022_CMA-1-scaled.jpg\" \/>\n\t<meta property=\"og:image:width\" content=\"1810\" \/>\n\t<meta property=\"og:image:height\" content=\"2560\" \/>\n\t<meta property=\"og:image:type\" content=\"image\/jpeg\" \/>\n<meta name=\"author\" content=\"ingurumena\" \/>\n<meta name=\"twitter:card\" content=\"summary_large_image\" \/>\n<meta name=\"twitter:label1\" content=\"Written by\" \/>\n\t<meta name=\"twitter:data1\" content=\"ingurumena\" \/>\n\t<meta name=\"twitter:label2\" content=\"Est. reading time\" \/>\n\t<meta name=\"twitter:data2\" content=\"2 minutes\" \/>\n<script type=\"application\/ld+json\" class=\"yoast-schema-graph\">{\"@context\":\"https:\/\/schema.org\",\"@graph\":[{\"@type\":\"WebPage\",\"@id\":\"https:\/\/www.arabakomendialdea.eus\/eu\/udal-hondakinen-sentsibilizazio-kanpaina-campana-sensibilizacion-residuos-municipales\/\",\"url\":\"https:\/\/www.arabakomendialdea.eus\/eu\/udal-hondakinen-sentsibilizazio-kanpaina-campana-sensibilizacion-residuos-municipales\/\",\"name\":\"Udal-hondakinen sentsibilizazio kanpaina\/Campa\u00f1a sensibilizaci\u00f3n residuos municipales - Arabako Mendialdeko Kuadrilla - Cuadrilla Monta\u00f1a Alavesa\",\"isPartOf\":{\"@id\":\"https:\/\/www.arabakomendialdea.eus\/#website\"},\"primaryImageOfPage\":{\"@id\":\"https:\/\/www.arabakomendialdea.eus\/eu\/udal-hondakinen-sentsibilizazio-kanpaina-campana-sensibilizacion-residuos-municipales\/#primaryimage\"},\"image\":{\"@id\":\"https:\/\/www.arabakomendialdea.eus\/eu\/udal-hondakinen-sentsibilizazio-kanpaina-campana-sensibilizacion-residuos-municipales\/#primaryimage\"},\"thumbnailUrl\":\"https:\/\/www.arabakomendialdea.eus\/wp-content\/uploads\/2022\/04\/CartelCampanaRM2022_CMA-1-scaled.jpg\",\"datePublished\":\"2022-04-06T11:46:40+00:00\",\"dateModified\":\"2022-05-18T07:57:09+00:00\",\"author\":{\"@id\":\"https:\/\/www.arabakomendialdea.eus\/#\/schema\/person\/7ed9f091ca269adfeb375bceb4e3892c\"},\"breadcrumb\":{\"@id\":\"https:\/\/www.arabakomendialdea.eus\/eu\/udal-hondakinen-sentsibilizazio-kanpaina-campana-sensibilizacion-residuos-municipales\/#breadcrumb\"},\"inLanguage\":\"eu-ES\",\"potentialAction\":[{\"@type\":\"ReadAction\",\"target\":[\"https:\/\/www.arabakomendialdea.eus\/eu\/udal-hondakinen-sentsibilizazio-kanpaina-campana-sensibilizacion-residuos-municipales\/\"]}]},{\"@type\":\"ImageObject\",\"inLanguage\":\"eu-ES\",\"@id\":\"https:\/\/www.arabakomendialdea.eus\/eu\/udal-hondakinen-sentsibilizazio-kanpaina-campana-sensibilizacion-residuos-municipales\/#primaryimage\",\"url\":\"https:\/\/www.arabakomendialdea.eus\/wp-content\/uploads\/2022\/04\/CartelCampanaRM2022_CMA-1-scaled.jpg\",\"contentUrl\":\"https:\/\/www.arabakomendialdea.eus\/wp-content\/uploads\/2022\/04\/CartelCampanaRM2022_CMA-1-scaled.jpg\",\"width\":1810,\"height\":2560},{\"@type\":\"BreadcrumbList\",\"@id\":\"https:\/\/www.arabakomendialdea.eus\/eu\/udal-hondakinen-sentsibilizazio-kanpaina-campana-sensibilizacion-residuos-municipales\/#breadcrumb\",\"itemListElement\":[{\"@type\":\"ListItem\",\"position\":1,\"name\":\"Portada\",\"item\":\"https:\/\/www.arabakomendialdea.eus\/eu\/\"},{\"@type\":\"ListItem\",\"position\":2,\"name\":\"Udal-hondakinen sentsibilizazio kanpaina\/Campa\u00f1a sensibilizaci\u00f3n residuos municipales\"}]},{\"@type\":\"WebSite\",\"@id\":\"https:\/\/www.arabakomendialdea.eus\/#website\",\"url\":\"https:\/\/www.arabakomendialdea.eus\/\",\"name\":\"Arabako Mendialdeko Kuadrilla - Cuadrilla Monta\u00f1a Alavesa\",\"description\":\"\",\"potentialAction\":[{\"@type\":\"SearchAction\",\"target\":{\"@type\":\"EntryPoint\",\"urlTemplate\":\"https:\/\/www.arabakomendialdea.eus\/?s={search_term_string}\"},\"query-input\":{\"@type\":\"PropertyValueSpecification\",\"valueRequired\":true,\"valueName\":\"search_term_string\"}}],\"inLanguage\":\"eu-ES\"},{\"@type\":\"Person\",\"@id\":\"https:\/\/www.arabakomendialdea.eus\/#\/schema\/person\/7ed9f091ca269adfeb375bceb4e3892c\",\"name\":\"ingurumena\",\"url\":\"https:\/\/www.arabakomendialdea.eus\/eu\/author\/ingurumena\/\"}]}<\/script>\n<!-- \/ Yoast SEO plugin. -->","yoast_head_json":{"title":"Udal-hondakinen sentsibilizazio kanpaina\/Campa\u00f1a sensibilizaci\u00f3n residuos municipales - Arabako Mendialdeko Kuadrilla - Cuadrilla Monta\u00f1a Alavesa","robots":{"index":"index","follow":"follow","max-snippet":"max-snippet:-1","max-image-preview":"max-image-preview:large","max-video-preview":"max-video-preview:-1"},"canonical":"https:\/\/www.arabakomendialdea.eus\/eu\/udal-hondakinen-sentsibilizazio-kanpaina-campana-sensibilizacion-residuos-municipales\/","og_locale":"eu_ES","og_type":"article","og_title":"Udal-hondakinen sentsibilizazio kanpaina\/Campa\u00f1a sensibilizaci\u00f3n residuos municipales - Arabako Mendialdeko Kuadrilla - Cuadrilla Monta\u00f1a Alavesa","og_description":"CartelCampa\u00f1aRM2022_CMA Datozen martxoan, apirilean, maiatzean eta ekainean Arabako Mendialdeko Kuadrillak sentsibilizazio-kanpaina bat jarriko du abian, Arabako Mendialdea osatzen duten udalerrietan hiri-hondakin solidoei buruz. Djf\u00f1akdf\u00f1a a\u00f1djkfa\u00f1 a\u00f1kdf Honako hauek dira sentsibilizazio-kanpainaren helburuak: bilketa bereiziaren tasa orokorra handitzea, lerro desberdinei ez dagozkienak nabarmen murriztea, herritarrei behar bezala informatzea, herritarrek bilketa bereiziei buruz dituzten zalantzak argitzea eta kalean [&hellip;]","og_url":"https:\/\/www.arabakomendialdea.eus\/eu\/udal-hondakinen-sentsibilizazio-kanpaina-campana-sensibilizacion-residuos-municipales\/","og_site_name":"Arabako Mendialdeko Kuadrilla - Cuadrilla Monta\u00f1a Alavesa","article_published_time":"2022-04-06T11:46:40+00:00","article_modified_time":"2022-05-18T07:57:09+00:00","og_image":[{"width":1810,"height":2560,"url":"https:\/\/www.arabakomendialdea.eus\/wp-content\/uploads\/2022\/04\/CartelCampanaRM2022_CMA-1-scaled.jpg","type":"image\/jpeg"}],"author":"ingurumena","twitter_card":"summary_large_image","twitter_misc":{"Written by":"ingurumena","Est. reading time":"2 minutes"},"schema":{"@context":"https:\/\/schema.org","@graph":[{"@type":"WebPage","@id":"https:\/\/www.arabakomendialdea.eus\/eu\/udal-hondakinen-sentsibilizazio-kanpaina-campana-sensibilizacion-residuos-municipales\/","url":"https:\/\/www.arabakomendialdea.eus\/eu\/udal-hondakinen-sentsibilizazio-kanpaina-campana-sensibilizacion-residuos-municipales\/","name":"Udal-hondakinen sentsibilizazio kanpaina\/Campa\u00f1a sensibilizaci\u00f3n residuos municipales - Arabako Mendialdeko Kuadrilla - Cuadrilla Monta\u00f1a Alavesa","isPartOf":{"@id":"https:\/\/www.arabakomendialdea.eus\/#website"},"primaryImageOfPage":{"@id":"https:\/\/www.arabakomendialdea.eus\/eu\/udal-hondakinen-sentsibilizazio-kanpaina-campana-sensibilizacion-residuos-municipales\/#primaryimage"},"image":{"@id":"https:\/\/www.arabakomendialdea.eus\/eu\/udal-hondakinen-sentsibilizazio-kanpaina-campana-sensibilizacion-residuos-municipales\/#primaryimage"},"thumbnailUrl":"https:\/\/www.arabakomendialdea.eus\/wp-content\/uploads\/2022\/04\/CartelCampanaRM2022_CMA-1-scaled.jpg","datePublished":"2022-04-06T11:46:40+00:00","dateModified":"2022-05-18T07:57:09+00:00","author":{"@id":"https:\/\/www.arabakomendialdea.eus\/#\/schema\/person\/7ed9f091ca269adfeb375bceb4e3892c"},"breadcrumb":{"@id":"https:\/\/www.arabakomendialdea.eus\/eu\/udal-hondakinen-sentsibilizazio-kanpaina-campana-sensibilizacion-residuos-municipales\/#breadcrumb"},"inLanguage":"eu-ES","potentialAction":[{"@type":"ReadAction","target":["https:\/\/www.arabakomendialdea.eus\/eu\/udal-hondakinen-sentsibilizazio-kanpaina-campana-sensibilizacion-residuos-municipales\/"]}]},{"@type":"ImageObject","inLanguage":"eu-ES","@id":"https:\/\/www.arabakomendialdea.eus\/eu\/udal-hondakinen-sentsibilizazio-kanpaina-campana-sensibilizacion-residuos-municipales\/#primaryimage","url":"https:\/\/www.arabakomendialdea.eus\/wp-content\/uploads\/2022\/04\/CartelCampanaRM2022_CMA-1-scaled.jpg","contentUrl":"https:\/\/www.arabakomendialdea.eus\/wp-content\/uploads\/2022\/04\/CartelCampanaRM2022_CMA-1-scaled.jpg","width":1810,"height":2560},{"@type":"BreadcrumbList","@id":"https:\/\/www.arabakomendialdea.eus\/eu\/udal-hondakinen-sentsibilizazio-kanpaina-campana-sensibilizacion-residuos-municipales\/#breadcrumb","itemListElement":[{"@type":"ListItem","position":1,"name":"Portada","item":"https:\/\/www.arabakomendialdea.eus\/eu\/"},{"@type":"ListItem","position":2,"name":"Udal-hondakinen sentsibilizazio kanpaina\/Campa\u00f1a sensibilizaci\u00f3n residuos municipales"}]},{"@type":"WebSite","@id":"https:\/\/www.arabakomendialdea.eus\/#website","url":"https:\/\/www.arabakomendialdea.eus\/","name":"Arabako Mendialdeko Kuadrilla - Cuadrilla Monta\u00f1a Alavesa","description":"","potentialAction":[{"@type":"SearchAction","target":{"@type":"EntryPoint","urlTemplate":"https:\/\/www.arabakomendialdea.eus\/?s={search_term_string}"},"query-input":{"@type":"PropertyValueSpecification","valueRequired":true,"valueName":"search_term_string"}}],"inLanguage":"eu-ES"},{"@type":"Person","@id":"https:\/\/www.arabakomendialdea.eus\/#\/schema\/person\/7ed9f091ca269adfeb375bceb4e3892c","name":"ingurumena","url":"https:\/\/www.arabakomendialdea.eus\/eu\/author\/ingurumena\/"}]}},"_links":{"self":[{"href":"https:\/\/www.arabakomendialdea.eus\/eu\/wp-json\/wp\/v2\/posts\/19465","targetHints":{"allow":["GET"]}}],"collection":[{"href":"https:\/\/www.arabakomendialdea.eus\/eu\/wp-json\/wp\/v2\/posts"}],"about":[{"href":"https:\/\/www.arabakomendialdea.eus\/eu\/wp-json\/wp\/v2\/types\/post"}],"author":[{"embeddable":true,"href":"https:\/\/www.arabakomendialdea.eus\/eu\/wp-json\/wp\/v2\/users\/11"}],"replies":[{"embeddable":true,"href":"https:\/\/www.arabakomendialdea.eus\/eu\/wp-json\/wp\/v2\/comments?post=19465"}],"version-history":[{"count":2,"href":"https:\/\/www.arabakomendialdea.eus\/eu\/wp-json\/wp\/v2\/posts\/19465\/revisions"}],"predecessor-version":[{"id":19516,"href":"https:\/\/www.arabakomendialdea.eus\/eu\/wp-json\/wp\/v2\/posts\/19465\/revisions\/19516"}],"wp:featuredmedia":[{"embeddable":true,"href":"https:\/\/www.arabakomendialdea.eus\/eu\/wp-json\/wp\/v2\/media\/19512"}],"wp:attachment":[{"href":"https:\/\/www.arabakomendialdea.eus\/eu\/wp-json\/wp\/v2\/media?parent=19465"}],"wp:term":[{"taxonomy":"category","embeddable":true,"href":"https:\/\/www.arabakomendialdea.eus\/eu\/wp-json\/wp\/v2\/categories?post=19465"},{"taxonomy":"post_tag","embeddable":true,"href":"https:\/\/www.arabakomendialdea.eus\/eu\/wp-json\/wp\/v2\/tags?post=19465"}],"curies":[{"name":"wp","href":"https:\/\/api.w.org\/{rel}","templated":true}]}}