{"id":30233,"date":"2024-01-16T10:56:23","date_gmt":"2024-01-16T09:56:23","guid":{"rendered":"https:\/\/www.arabakomendialdea.eus\/mendialdea-radio-la-montana-en-verso-3\/"},"modified":"2024-01-16T11:00:25","modified_gmt":"2024-01-16T10:00:25","slug":"mendialdea-radio-la-montana-en-verso-3","status":"publish","type":"post","link":"https:\/\/www.arabakomendialdea.eus\/eu\/mendialdea-radio-la-montana-en-verso-3\/","title":{"rendered":"Mendialdea Radio \/ Mendialdea bertsotan"},"content":{"rendered":"<p><img loading=\"lazy\" decoding=\"async\" class=\" wp-image-27344 aligncenter\" src=\"https:\/\/www.arabakomendialdea.eus\/wp-content\/uploads\/2023\/07\/la-montana-en-verso-300x300.jpg\" alt=\"\" width=\"493\" height=\"493\" srcset=\"https:\/\/www.arabakomendialdea.eus\/wp-content\/uploads\/2023\/07\/la-montana-en-verso-300x300.jpg 300w, https:\/\/www.arabakomendialdea.eus\/wp-content\/uploads\/2023\/07\/la-montana-en-verso-80x80.jpg 80w, https:\/\/www.arabakomendialdea.eus\/wp-content\/uploads\/2023\/07\/la-montana-en-verso-36x36.jpg 36w, https:\/\/www.arabakomendialdea.eus\/wp-content\/uploads\/2023\/07\/la-montana-en-verso-180x180.jpg 180w, https:\/\/www.arabakomendialdea.eus\/wp-content\/uploads\/2023\/07\/la-montana-en-verso.jpg 500w\" sizes=\"auto, (max-width: 493px) 100vw, 493px\" \/><\/p>\n<p>Angela Serna poeta, idazle oparoa, EHUko irakaslea, ekitaldi eta topaketa poetikoen antolatzailea eta pertsona gutxiren eskura dagoen sentsibilitatea duen buru pribilegiatua da La Monta\u00f1a en Verso saioaren atal berri honetan elkarrizketatu dutena. Loli Garc\u00edak zuzendu eta aurkeztu du.<\/p>\n<p>Plater nagusiaren ondoren, Jos\u00e9 Agust\u00edn Goytisoloren &#8216;Palabras para Julia&#8217; lanaren baliabidearekin, rocka eta flamenkoa bezalako estilo ezberdinetako hiru bertsio musikal ezagutuko ditugu. Albisteetan, agenda poetikoaz gain, gure lehiaketaren olerki irabazlea ezagutuko dugu. Bi gindarekin itxi genuen, baten faltan, Bernedotik eta San Roman Kanpezutik &#8216;Poetak eta deklamatzaileak bilatzen ditugu&#8217; sailerako bidali dizkiguten olerki moduan. Eman play-ari eta barre egin nahi duzun bezala.<\/p>\n<p>&nbsp;<\/p>\n<p>\ud83c\udfa7 <a href=\"http:\/\/spoti.fi\/41JRh9D\" target=\"_blank\" rel=\"noopener\">SPOTIFY<\/a><br \/>\n\ud83c\udfa7 <a href=\"http:\/\/go.ivoox.com\/rf\/121891096\" target=\"_blank\" rel=\"noopener\">IVOOX<\/a><\/p>\n","protected":false},"excerpt":{"rendered":"<p>Angela Serna poeta, idazle oparoa, EHUko irakaslea, ekitaldi eta topaketa poetikoen antolatzailea eta pertsona gutxiren eskura dagoen sentsibilitatea duen buru pribilegiatua da La Monta\u00f1a en Verso saioaren atal berri honetan elkarrizketatu dutena. Loli Garc\u00edak zuzendu eta aurkeztu du. Plater nagusiaren ondoren, Jos\u00e9 Agust\u00edn Goytisoloren &#8216;Palabras para Julia&#8217; lanaren baliabidearekin, rocka eta flamenkoa bezalako estilo ezberdinetako [&hellip;]<\/p>\n","protected":false},"author":9,"featured_media":12698,"comment_status":"closed","ping_status":"closed","sticky":false,"template":"","format":"standard","meta":{"footnotes":""},"categories":[166],"tags":[],"class_list":["post-30233","post","type-post","status-publish","format-standard","has-post-thumbnail","hentry","category-extra-elkartxoko-eu"],"yoast_head":"<!-- This site is optimized with the Yoast SEO plugin v26.5 - https:\/\/yoast.com\/wordpress\/plugins\/seo\/ -->\n<title>Mendialdea Radio \/ Mendialdea bertsotan - Arabako Mendialdeko Kuadrilla - Cuadrilla Monta\u00f1a Alavesa<\/title>\n<meta name=\"robots\" content=\"index, follow, max-snippet:-1, max-image-preview:large, max-video-preview:-1\" \/>\n<link rel=\"canonical\" href=\"https:\/\/www.arabakomendialdea.eus\/eu\/mendialdea-radio-la-montana-en-verso-3\/\" \/>\n<meta property=\"og:locale\" content=\"eu_ES\" \/>\n<meta property=\"og:type\" content=\"article\" \/>\n<meta property=\"og:title\" content=\"Mendialdea Radio \/ Mendialdea bertsotan - Arabako Mendialdeko Kuadrilla - Cuadrilla Monta\u00f1a Alavesa\" \/>\n<meta property=\"og:description\" content=\"Angela Serna poeta, idazle oparoa, EHUko irakaslea, ekitaldi eta topaketa poetikoen antolatzailea eta pertsona gutxiren eskura dagoen sentsibilitatea duen buru pribilegiatua da La Monta\u00f1a en Verso saioaren atal berri honetan elkarrizketatu dutena. Loli Garc\u00edak zuzendu eta aurkeztu du. Plater nagusiaren ondoren, Jos\u00e9 Agust\u00edn Goytisoloren &#8216;Palabras para Julia&#8217; lanaren baliabidearekin, rocka eta flamenkoa bezalako estilo ezberdinetako [&hellip;]\" \/>\n<meta property=\"og:url\" content=\"https:\/\/www.arabakomendialdea.eus\/eu\/mendialdea-radio-la-montana-en-verso-3\/\" \/>\n<meta property=\"og:site_name\" content=\"Arabako Mendialdeko Kuadrilla - Cuadrilla Monta\u00f1a Alavesa\" \/>\n<meta property=\"article:published_time\" content=\"2024-01-16T09:56:23+00:00\" \/>\n<meta property=\"article:modified_time\" content=\"2024-01-16T10:00:25+00:00\" \/>\n<meta property=\"og:image\" content=\"https:\/\/www.arabakomendialdea.eus\/wp-content\/uploads\/2021\/02\/A1B5706E4AEE417AB027ADE5512A0A26.png\" \/>\n\t<meta property=\"og:image:width\" content=\"320\" \/>\n\t<meta property=\"og:image:height\" content=\"167\" \/>\n\t<meta property=\"og:image:type\" content=\"image\/png\" \/>\n<meta name=\"author\" content=\"kulturaetakirola\" \/>\n<meta name=\"twitter:card\" content=\"summary_large_image\" \/>\n<meta name=\"twitter:label1\" content=\"Written by\" \/>\n\t<meta name=\"twitter:data1\" content=\"kulturaetakirola\" \/>\n\t<meta name=\"twitter:label2\" content=\"Est. reading time\" \/>\n\t<meta name=\"twitter:data2\" content=\"1 minute\" \/>\n<script type=\"application\/ld+json\" class=\"yoast-schema-graph\">{\"@context\":\"https:\/\/schema.org\",\"@graph\":[{\"@type\":\"WebPage\",\"@id\":\"https:\/\/www.arabakomendialdea.eus\/eu\/mendialdea-radio-la-montana-en-verso-3\/\",\"url\":\"https:\/\/www.arabakomendialdea.eus\/eu\/mendialdea-radio-la-montana-en-verso-3\/\",\"name\":\"Mendialdea Radio \/ Mendialdea bertsotan - Arabako Mendialdeko Kuadrilla - Cuadrilla Monta\u00f1a Alavesa\",\"isPartOf\":{\"@id\":\"https:\/\/www.arabakomendialdea.eus\/#website\"},\"primaryImageOfPage\":{\"@id\":\"https:\/\/www.arabakomendialdea.eus\/eu\/mendialdea-radio-la-montana-en-verso-3\/#primaryimage\"},\"image\":{\"@id\":\"https:\/\/www.arabakomendialdea.eus\/eu\/mendialdea-radio-la-montana-en-verso-3\/#primaryimage\"},\"thumbnailUrl\":\"https:\/\/www.arabakomendialdea.eus\/wp-content\/uploads\/2021\/02\/A1B5706E4AEE417AB027ADE5512A0A26.png\",\"datePublished\":\"2024-01-16T09:56:23+00:00\",\"dateModified\":\"2024-01-16T10:00:25+00:00\",\"author\":{\"@id\":\"https:\/\/www.arabakomendialdea.eus\/#\/schema\/person\/838b661bac5f1a9d2f8a9f41bb32824a\"},\"breadcrumb\":{\"@id\":\"https:\/\/www.arabakomendialdea.eus\/eu\/mendialdea-radio-la-montana-en-verso-3\/#breadcrumb\"},\"inLanguage\":\"eu-ES\",\"potentialAction\":[{\"@type\":\"ReadAction\",\"target\":[\"https:\/\/www.arabakomendialdea.eus\/eu\/mendialdea-radio-la-montana-en-verso-3\/\"]}]},{\"@type\":\"ImageObject\",\"inLanguage\":\"eu-ES\",\"@id\":\"https:\/\/www.arabakomendialdea.eus\/eu\/mendialdea-radio-la-montana-en-verso-3\/#primaryimage\",\"url\":\"https:\/\/www.arabakomendialdea.eus\/wp-content\/uploads\/2021\/02\/A1B5706E4AEE417AB027ADE5512A0A26.png\",\"contentUrl\":\"https:\/\/www.arabakomendialdea.eus\/wp-content\/uploads\/2021\/02\/A1B5706E4AEE417AB027ADE5512A0A26.png\",\"width\":320,\"height\":167},{\"@type\":\"BreadcrumbList\",\"@id\":\"https:\/\/www.arabakomendialdea.eus\/eu\/mendialdea-radio-la-montana-en-verso-3\/#breadcrumb\",\"itemListElement\":[{\"@type\":\"ListItem\",\"position\":1,\"name\":\"Portada\",\"item\":\"https:\/\/www.arabakomendialdea.eus\/eu\/\"},{\"@type\":\"ListItem\",\"position\":2,\"name\":\"Mendialdea Radio \/ Mendialdea bertsotan\"}]},{\"@type\":\"WebSite\",\"@id\":\"https:\/\/www.arabakomendialdea.eus\/#website\",\"url\":\"https:\/\/www.arabakomendialdea.eus\/\",\"name\":\"Arabako Mendialdeko Kuadrilla - Cuadrilla Monta\u00f1a Alavesa\",\"description\":\"\",\"potentialAction\":[{\"@type\":\"SearchAction\",\"target\":{\"@type\":\"EntryPoint\",\"urlTemplate\":\"https:\/\/www.arabakomendialdea.eus\/?s={search_term_string}\"},\"query-input\":{\"@type\":\"PropertyValueSpecification\",\"valueRequired\":true,\"valueName\":\"search_term_string\"}}],\"inLanguage\":\"eu-ES\"},{\"@type\":\"Person\",\"@id\":\"https:\/\/www.arabakomendialdea.eus\/#\/schema\/person\/838b661bac5f1a9d2f8a9f41bb32824a\",\"name\":\"kulturaetakirola\",\"url\":\"https:\/\/www.arabakomendialdea.eus\/eu\/author\/kulturaetakirola\/\"}]}<\/script>\n<!-- \/ Yoast SEO plugin. -->","yoast_head_json":{"title":"Mendialdea Radio \/ Mendialdea bertsotan - Arabako Mendialdeko Kuadrilla - Cuadrilla Monta\u00f1a Alavesa","robots":{"index":"index","follow":"follow","max-snippet":"max-snippet:-1","max-image-preview":"max-image-preview:large","max-video-preview":"max-video-preview:-1"},"canonical":"https:\/\/www.arabakomendialdea.eus\/eu\/mendialdea-radio-la-montana-en-verso-3\/","og_locale":"eu_ES","og_type":"article","og_title":"Mendialdea Radio \/ Mendialdea bertsotan - Arabako Mendialdeko Kuadrilla - Cuadrilla Monta\u00f1a Alavesa","og_description":"Angela Serna poeta, idazle oparoa, EHUko irakaslea, ekitaldi eta topaketa poetikoen antolatzailea eta pertsona gutxiren eskura dagoen sentsibilitatea duen buru pribilegiatua da La Monta\u00f1a en Verso saioaren atal berri honetan elkarrizketatu dutena. Loli Garc\u00edak zuzendu eta aurkeztu du. Plater nagusiaren ondoren, Jos\u00e9 Agust\u00edn Goytisoloren &#8216;Palabras para Julia&#8217; lanaren baliabidearekin, rocka eta flamenkoa bezalako estilo ezberdinetako [&hellip;]","og_url":"https:\/\/www.arabakomendialdea.eus\/eu\/mendialdea-radio-la-montana-en-verso-3\/","og_site_name":"Arabako Mendialdeko Kuadrilla - Cuadrilla Monta\u00f1a Alavesa","article_published_time":"2024-01-16T09:56:23+00:00","article_modified_time":"2024-01-16T10:00:25+00:00","og_image":[{"width":320,"height":167,"url":"https:\/\/www.arabakomendialdea.eus\/wp-content\/uploads\/2021\/02\/A1B5706E4AEE417AB027ADE5512A0A26.png","type":"image\/png"}],"author":"kulturaetakirola","twitter_card":"summary_large_image","twitter_misc":{"Written by":"kulturaetakirola","Est. reading time":"1 minute"},"schema":{"@context":"https:\/\/schema.org","@graph":[{"@type":"WebPage","@id":"https:\/\/www.arabakomendialdea.eus\/eu\/mendialdea-radio-la-montana-en-verso-3\/","url":"https:\/\/www.arabakomendialdea.eus\/eu\/mendialdea-radio-la-montana-en-verso-3\/","name":"Mendialdea Radio \/ Mendialdea bertsotan - Arabako Mendialdeko Kuadrilla - Cuadrilla Monta\u00f1a Alavesa","isPartOf":{"@id":"https:\/\/www.arabakomendialdea.eus\/#website"},"primaryImageOfPage":{"@id":"https:\/\/www.arabakomendialdea.eus\/eu\/mendialdea-radio-la-montana-en-verso-3\/#primaryimage"},"image":{"@id":"https:\/\/www.arabakomendialdea.eus\/eu\/mendialdea-radio-la-montana-en-verso-3\/#primaryimage"},"thumbnailUrl":"https:\/\/www.arabakomendialdea.eus\/wp-content\/uploads\/2021\/02\/A1B5706E4AEE417AB027ADE5512A0A26.png","datePublished":"2024-01-16T09:56:23+00:00","dateModified":"2024-01-16T10:00:25+00:00","author":{"@id":"https:\/\/www.arabakomendialdea.eus\/#\/schema\/person\/838b661bac5f1a9d2f8a9f41bb32824a"},"breadcrumb":{"@id":"https:\/\/www.arabakomendialdea.eus\/eu\/mendialdea-radio-la-montana-en-verso-3\/#breadcrumb"},"inLanguage":"eu-ES","potentialAction":[{"@type":"ReadAction","target":["https:\/\/www.arabakomendialdea.eus\/eu\/mendialdea-radio-la-montana-en-verso-3\/"]}]},{"@type":"ImageObject","inLanguage":"eu-ES","@id":"https:\/\/www.arabakomendialdea.eus\/eu\/mendialdea-radio-la-montana-en-verso-3\/#primaryimage","url":"https:\/\/www.arabakomendialdea.eus\/wp-content\/uploads\/2021\/02\/A1B5706E4AEE417AB027ADE5512A0A26.png","contentUrl":"https:\/\/www.arabakomendialdea.eus\/wp-content\/uploads\/2021\/02\/A1B5706E4AEE417AB027ADE5512A0A26.png","width":320,"height":167},{"@type":"BreadcrumbList","@id":"https:\/\/www.arabakomendialdea.eus\/eu\/mendialdea-radio-la-montana-en-verso-3\/#breadcrumb","itemListElement":[{"@type":"ListItem","position":1,"name":"Portada","item":"https:\/\/www.arabakomendialdea.eus\/eu\/"},{"@type":"ListItem","position":2,"name":"Mendialdea Radio \/ Mendialdea bertsotan"}]},{"@type":"WebSite","@id":"https:\/\/www.arabakomendialdea.eus\/#website","url":"https:\/\/www.arabakomendialdea.eus\/","name":"Arabako Mendialdeko Kuadrilla - Cuadrilla Monta\u00f1a Alavesa","description":"","potentialAction":[{"@type":"SearchAction","target":{"@type":"EntryPoint","urlTemplate":"https:\/\/www.arabakomendialdea.eus\/?s={search_term_string}"},"query-input":{"@type":"PropertyValueSpecification","valueRequired":true,"valueName":"search_term_string"}}],"inLanguage":"eu-ES"},{"@type":"Person","@id":"https:\/\/www.arabakomendialdea.eus\/#\/schema\/person\/838b661bac5f1a9d2f8a9f41bb32824a","name":"kulturaetakirola","url":"https:\/\/www.arabakomendialdea.eus\/eu\/author\/kulturaetakirola\/"}]}},"_links":{"self":[{"href":"https:\/\/www.arabakomendialdea.eus\/eu\/wp-json\/wp\/v2\/posts\/30233","targetHints":{"allow":["GET"]}}],"collection":[{"href":"https:\/\/www.arabakomendialdea.eus\/eu\/wp-json\/wp\/v2\/posts"}],"about":[{"href":"https:\/\/www.arabakomendialdea.eus\/eu\/wp-json\/wp\/v2\/types\/post"}],"author":[{"embeddable":true,"href":"https:\/\/www.arabakomendialdea.eus\/eu\/wp-json\/wp\/v2\/users\/9"}],"replies":[{"embeddable":true,"href":"https:\/\/www.arabakomendialdea.eus\/eu\/wp-json\/wp\/v2\/comments?post=30233"}],"version-history":[{"count":2,"href":"https:\/\/www.arabakomendialdea.eus\/eu\/wp-json\/wp\/v2\/posts\/30233\/revisions"}],"predecessor-version":[{"id":30234,"href":"https:\/\/www.arabakomendialdea.eus\/eu\/wp-json\/wp\/v2\/posts\/30233\/revisions\/30234"}],"wp:featuredmedia":[{"embeddable":true,"href":"https:\/\/www.arabakomendialdea.eus\/eu\/wp-json\/wp\/v2\/media\/12698"}],"wp:attachment":[{"href":"https:\/\/www.arabakomendialdea.eus\/eu\/wp-json\/wp\/v2\/media?parent=30233"}],"wp:term":[{"taxonomy":"category","embeddable":true,"href":"https:\/\/www.arabakomendialdea.eus\/eu\/wp-json\/wp\/v2\/categories?post=30233"},{"taxonomy":"post_tag","embeddable":true,"href":"https:\/\/www.arabakomendialdea.eus\/eu\/wp-json\/wp\/v2\/tags?post=30233"}],"curies":[{"name":"wp","href":"https:\/\/api.w.org\/{rel}","templated":true}]}}